{"id":50,"date":"2015-11-18T13:53:51","date_gmt":"2015-11-18T12:53:51","guid":{"rendered":"http:\/\/tri-bulations.com\/?p=50"},"modified":"2015-11-23T13:08:26","modified_gmt":"2015-11-23T12:08:26","slug":"antiquite-cr-lac-des-sapins-2015","status":"publish","type":"post","link":"https:\/\/tri-bulations.com\/index.php\/2015\/11\/18\/antiquite-cr-lac-des-sapins-2015\/","title":{"rendered":"[Antiquit\u00e9] CR &#8211; Lac des Sapins 2015"},"content":{"rendered":"<p style=\"text-align: justify;\"><em>Les \u00ab Antiquit\u00e9s \u00bb sont des articles que j\u2019ai \u00e9crits avant de d\u00e9buter ce blog. Il se peut donc que le ton soit un peu diff\u00e9rent que celui du reste du blog! Pour cet \u00e9pisode, on revient en Juin 2015 pour le Triathlon M du Lac des Sapins.<\/em><\/p>\n<p style=\"text-align: justify;\">Pas vraiment d&rsquo;objectif pour ce tri \u00e0 part faire une sorte de grosse s\u00e9ance d&rsquo;entra\u00eenement. Je viens de rentrer en France apr\u00e8s plusieurs ann\u00e9es \u00e0 l&rsquo;\u00e9tranger, c&rsquo;est simplement le deuxi\u00e8me tri de ma vie (le CR du premier se trouve <a href=\"http:\/\/tri-bulations.com\/index.php\/2015\/11\/18\/antiquite-cr-du-triathlon-m-de-singapour\/\">ici<\/a>), je ne me suis pas beaucoup entra\u00een\u00e9 jusqu&rsquo;au mois de mai \u00e0 cause du d\u00e9m\u00e9nagement&#8230; mon v\u00e9ritable objectif pour cette ann\u00e9e, c&rsquo;est le Half de Vichy que je fais avec un pote fin ao\u00fbt. Dans cette optique, je me suis inscrit \u00e0 deux tris de pr\u00e9paration, le M du Lac des Sapins et celui de l&rsquo;Alpe d&rsquo;Huez. Place donc au Lac des Sapins.<!--more--><\/p>\n<p style=\"text-align: justify;\"><strong>L&rsquo;Avant Course <\/strong><br \/>\nD\u00e9part de Lyon \u00e0 6h du matin avec ma femme, ma m\u00e8re et mon oncle qui sont venus passer le week-end chez moi sp\u00e9cialement afin de me supporter.\u00a0Nous arrivons au Lac vers 7h15, pas trop de monde, je r\u00e9cup\u00e8re sans encombres mon dossard, sans m\u00eame avoir \u00e0 pr\u00e9senter le pass ITU alors que je me suis honteusement inscrit avec une licence USA Triathlon. Il fait par contre assez froid et \u00e7a m&rsquo;inqui\u00e8te un peu&#8230; \u00e7a va \u00eatre l&rsquo;occasion de tester ma toute nouvelle combi de nat&rsquo; achet\u00e9e chez D\u00e9cath&rsquo; deux semaines auparavant. Je rentre dans la zone de transition installer le matos, je repasse \u00e0 la voiture prendre une petite tasse de caf\u00e9 bien chaud, j&rsquo;enfile la combi et je pars m&rsquo;\u00e9chauffer dans l&rsquo;eau finalement pas si froide que \u00e7a: choix de combi valid\u00e9! Vient alors l&rsquo;heure du briefing, un peu m\u00e9lodramatique : la liste des volontaires morts au cours de l&rsquo;ann\u00e9e, le drame du gamin qui s&rsquo;est fait \u00e0 moiti\u00e9 exploser le week-end dernier en s&rsquo;amusant \u00e0 fabriquer une bombe, un appel t\u00e9l\u00e9phonique aux parents et tout le monde qui crie le nom du gamin&#8230; un peu too much selon moi\u00a0mais si \u00e7a peut aider, pourquoi pas&#8230;<\/p>\n<p style=\"text-align: justify;\"><strong>Natation <\/strong><\/p>\n<p style=\"text-align: justify;\">Quelques minutes plus tard, c&rsquo;est parti pour la nat! Je p\u00e8se 60kg pour 1m77, autant vous dire que mon but c&rsquo;est la survie avant tout. Heureusement, \u00e7a ne tabasse pas trop, je ne nage pas trop mal (enfin, pas plus mal que d&rsquo;habitude!), je r\u00e9ussis \u00e0 peu pr\u00e8s \u00e0 suivre une trajectoire pas trop d\u00e9gueu, bref je suis content. Jusqu&rsquo;au moment o\u00f9 je vois un truc bleu me passer juste \u00e0 c\u00f4t\u00e9 et me doubler. En fait, c&rsquo;est juste un gars qui tire son fr\u00e8re handicap\u00e9 et qui passe par l\u00e0. Je retrouverai sa trace un peu plus tard <a href=\"http:\/\/www.non-stop-news.fr\/23-06-2015\/handicap-deux-freres-realisent-un-triathlon-incroyable\/\">sur le net<\/a>. Parti apr\u00e8s tout le monde, le mec finira presque dans la premi\u00e8re moiti\u00e9, loin devant moi : respect. Je sors pour ma part 364\u00e8me de la nat en 33&rsquo;03. T1 pas trop mal g\u00e9r\u00e9e et je repars apr\u00e8s 4&rsquo;35 de transition.<\/p>\n<p style=\"text-align: justify;\"><strong>V\u00e9lo <\/strong><\/p>\n<p style=\"text-align: justify;\">Le v\u00e9lo, c&rsquo;est clairement ma crainte, que ce soit pour ce tri ou pour les prochains en incluant Vichy. J&rsquo;ai fait une seule sortie en ext\u00e9rieur, le reste ce sont des s\u00e9ances de home-trainer d&rsquo;1h maxi. L&rsquo;ann\u00e9e derni\u00e8re, j&rsquo;\u00e9tais mont\u00e9 trop vite en termes de quantit\u00e9 d&rsquo;entrainement et j&rsquo;avais mal au genou lorsque je faisais du v\u00e9lo. Cette ann\u00e9e, j&rsquo;ai donc essay\u00e9 d&rsquo;y aller plus progressivement, mais je n&rsquo;ai du coup pas beaucoup d&rsquo;heures d&rsquo;entra\u00eenement dans les jambes. \u00c7a se sent d\u00e8s les premiers kilom\u00e8tres durant lesquels je ne double&#8230; personne! Par contre je me fais doubler. Je me dis alors qu&rsquo;en pesant 60kg, il est probable que tel Nairo Quintana, je fasse la diff\u00e9rence pendant les mont\u00e9es. Et en effet, pendant les mont\u00e9es, je double&#8230; 3 personnes, plut\u00f4t de gros gabarits&#8230; qui me redoubleront imm\u00e9diatement apr\u00e8s dans la descente. Malgr\u00e9 tout \u00e7a, je prends pas mal mon pied, les paysages sont magnifiques et je n&rsquo;ai aucun probl\u00e8me majeur mis \u00e0 part un saut de cha\u00eene vite r\u00e9par\u00e9 et une rapide pause pipi. Au final, 2h tout pile d&rsquo;effort pour une superbe 436\u00e8 place sur 544. Clairement, je sais ce que je dois am\u00e9liorer!<\/p>\n<p style=\"text-align: justify;\"><strong><a href=\"http:\/\/tri-bulations.com\/wp-content\/uploads\/2015\/11\/11118464_10102188239552206_668259760787058311_o.jpg\"><img loading=\"lazy\" decoding=\"async\" class=\"size-large wp-image-141 aligncenter\" src=\"http:\/\/tri-bulations.com\/wp-content\/uploads\/2015\/11\/11118464_10102188239552206_668259760787058311_o-576x1024.jpg\" alt=\"11118464_10102188239552206_668259760787058311_o\" width=\"576\" height=\"1024\" srcset=\"https:\/\/tri-bulations.com\/wp-content\/uploads\/2015\/11\/11118464_10102188239552206_668259760787058311_o-576x1024.jpg 576w, https:\/\/tri-bulations.com\/wp-content\/uploads\/2015\/11\/11118464_10102188239552206_668259760787058311_o-169x300.jpg 169w, https:\/\/tri-bulations.com\/wp-content\/uploads\/2015\/11\/11118464_10102188239552206_668259760787058311_o.jpg 1152w\" sizes=\"auto, (max-width: 576px) 100vw, 576px\" \/><\/a>CAP <\/strong><\/p>\n<p style=\"text-align: justify;\">Je m&rsquo;\u00e9lance alors sur le parcours de course \u00e0 pied en apercevant pour la premi\u00e8re fois ma famille; \u00e7a fait plaisir, mais je reste concentr\u00e9; les jambes sont lourdes mais les sensations sont bonnes et je commence \u00e0 gagner des places d\u00e8s les premiers hectom\u00e8tres: apr\u00e8s deux heures pass\u00e9es \u00e0 me faire doubler, \u00e7a fait aussi plaisir! Il fait chaud, \u00e7a monte et \u00e7a descend mais je suis chaud comme la braise. Confirmant ce que m&rsquo;avait laiss\u00e9 entrevoir mon premier tri l&rsquo;ann\u00e9e d&rsquo;avant, je finis fort sur la cap. Je me ferai doubler par un seul mec. Au final, je finis en 50&rsquo;01 selon l&rsquo;orga (mais 49&rsquo;55 selon ma montre) alors que mon meilleur temps sur 10k est de 45&prime;! 170\/544.<\/p>\n<p style=\"text-align: justify;\"><strong>Classement final <\/strong><\/p>\n<p style=\"text-align: justify;\">Tout \u00e7a me classe finalement 363\u00e8me sur 544, un classement qui refl\u00e8te bien mon niveau je trouve. C&rsquo;est l&rsquo;heure de r\u00e9cup\u00e9rer, c&rsquo;est champ\u00eatre mais bien organis\u00e9, bi\u00e8res, churros, etc&#8230; En cadeau, pas de m\u00e9daille ou de tee-shirt mais des chaussettes de r\u00e9cup sigl\u00e9es Lac des Sapins, ce que je trouve vraiment cool: \u00e7a change des autres courses et en plus \u00e7a a l&rsquo;air d&rsquo;\u00eatre un bon produit. L&rsquo;orga a aussi install\u00e9 des bassins d&rsquo;eau froide pour favoriser la r\u00e9cup\u00e9ration. Bref, une super exp\u00e9rience! Prochain objectif: <a href=\"http:\/\/tri-bulations.com\/index.php\/2015\/11\/18\/antiquite-cr-triathlon-de-lalpe-dhuez-2015\/\">le M de l&rsquo;Alpe d&rsquo;Huez<\/a>! Je me suis inscrit \u00e0 cette \u00e9preuve en me disant que le v\u00e9lo \u00e9tant mon point faible, \u00e7a serait une super sortie d&rsquo;entrainement avant Vichy&#8230; j&rsquo;esp\u00e8re que je n&rsquo;ai pas eu les yeux les plus gros que le ventre et que \u00e7a ne sera pas contre-productif finalement&#8230;<\/p>\n","protected":false},"excerpt":{"rendered":"<p>Les \u00ab Antiquit\u00e9s \u00bb sont des articles que j\u2019ai \u00e9crits avant de d\u00e9buter ce blog. Il se peut donc que le ton soit un peu diff\u00e9rent que celui du reste du blog! Pour cet \u00e9pisode, on revient en Juin 2015 pour le Triathlon M du Lac des Sapins. Pas vraiment d&rsquo;objectif pour ce tri \u00e0 part faire une sorte de grosse s\u00e9ance d&rsquo;entra\u00eenement. Je viens de rentrer en France apr\u00e8s plusieurs ann\u00e9es \u00e0 l&rsquo;\u00e9tranger, c&rsquo;est simplement le deuxi\u00e8me tri de ma vie (le CR du premier se trouve ici), je ne me suis pas beaucoup entra\u00een\u00e9 jusqu&rsquo;au mois de mai \u00e0 cause du d\u00e9m\u00e9nagement&#8230; mon v\u00e9ritable objectif pour cette ann\u00e9e, c&rsquo;est le Half de Vichy que je fais avec un pote fin ao\u00fbt. Dans cette optique, je me suis inscrit \u00e0 deux tris de pr\u00e9paration, le M du Lac des Sapins et celui de l&rsquo;Alpe d&rsquo;Huez. Place donc au Lac des Sapins.<\/p>\n","protected":false},"author":1,"featured_media":140,"comment_status":"open","ping_status":"open","sticky":false,"template":"","format":"standard","meta":{"footnotes":""},"categories":[7],"tags":[22,8,13,12,11],"class_list":["post-50","post","type-post","status-publish","format-standard","has-post-thumbnail","hentry","category-cr","tag-antiquite","tag-cr","tag-france","tag-lac-des-sapins","tag-triathlon"],"yoast_head":"<!-- This site is optimized with the Yoast SEO plugin v27.5 - https:\/\/yoast.com\/product\/yoast-seo-wordpress\/ -->\n<title>[Antiquit\u00e9] CR - Lac des Sapins 2015 - TRIbulations<\/title>\n<meta name=\"robots\" content=\"index, follow, max-snippet:-1, max-image-preview:large, max-video-preview:-1\" \/>\n<link rel=\"canonical\" href=\"https:\/\/tri-bulations.com\/index.php\/2015\/11\/18\/antiquite-cr-lac-des-sapins-2015\/\" \/>\n<meta property=\"og:locale\" content=\"fr_FR\" \/>\n<meta property=\"og:type\" content=\"article\" \/>\n<meta property=\"og:title\" content=\"[Antiquit\u00e9] CR - Lac des Sapins 2015 - TRIbulations\" \/>\n<meta property=\"og:description\" content=\"Les \u00ab Antiquit\u00e9s \u00bb sont des articles que j\u2019ai \u00e9crits avant de d\u00e9buter ce blog. Il se peut donc que le ton soit un peu diff\u00e9rent que celui du reste du blog! Pour cet \u00e9pisode, on revient en Juin 2015 pour le Triathlon M du Lac des Sapins. Pas vraiment d&rsquo;objectif pour ce tri \u00e0 part faire une sorte de grosse s\u00e9ance d&rsquo;entra\u00eenement. Je viens de rentrer en France apr\u00e8s plusieurs ann\u00e9es \u00e0 l&rsquo;\u00e9tranger, c&rsquo;est simplement le deuxi\u00e8me tri de ma vie (le CR du premier se trouve ici), je ne me suis pas beaucoup entra\u00een\u00e9 jusqu&rsquo;au mois de mai \u00e0 cause du d\u00e9m\u00e9nagement&#8230; mon v\u00e9ritable objectif pour cette ann\u00e9e, c&rsquo;est le Half de Vichy que je fais avec un pote fin ao\u00fbt. Dans cette optique, je me suis inscrit \u00e0 deux tris de pr\u00e9paration, le M du Lac des Sapins et celui de l&rsquo;Alpe d&rsquo;Huez. Place donc au Lac des Sapins.\" \/>\n<meta property=\"og:url\" content=\"https:\/\/tri-bulations.com\/index.php\/2015\/11\/18\/antiquite-cr-lac-des-sapins-2015\/\" \/>\n<meta property=\"og:site_name\" content=\"TRIbulations\" \/>\n<meta property=\"article:published_time\" content=\"2015-11-18T12:53:51+00:00\" \/>\n<meta property=\"article:modified_time\" content=\"2015-11-23T12:08:26+00:00\" \/>\n<meta property=\"og:image\" content=\"https:\/\/tri-bulations.com\/wp-content\/uploads\/2015\/11\/1547955_10102188239522266_3573429874850274834_o.jpg\" \/>\n\t<meta property=\"og:image:width\" content=\"2048\" \/>\n\t<meta property=\"og:image:height\" content=\"982\" \/>\n\t<meta property=\"og:image:type\" content=\"image\/jpeg\" \/>\n<meta name=\"author\" content=\"Mathieu\" \/>\n<meta name=\"twitter:card\" content=\"summary_large_image\" \/>\n<meta name=\"twitter:label1\" content=\"\u00c9crit par\" \/>\n\t<meta name=\"twitter:data1\" content=\"Mathieu\" \/>\n\t<meta name=\"twitter:label2\" content=\"Dur\u00e9e de lecture estim\u00e9e\" \/>\n\t<meta name=\"twitter:data2\" content=\"5 minutes\" \/>\n<script type=\"application\/ld+json\" class=\"yoast-schema-graph\">{\"@context\":\"https:\\\/\\\/schema.org\",\"@graph\":[{\"@type\":\"Article\",\"@id\":\"https:\\\/\\\/tri-bulations.com\\\/index.php\\\/2015\\\/11\\\/18\\\/antiquite-cr-lac-des-sapins-2015\\\/#article\",\"isPartOf\":{\"@id\":\"https:\\\/\\\/tri-bulations.com\\\/index.php\\\/2015\\\/11\\\/18\\\/antiquite-cr-lac-des-sapins-2015\\\/\"},\"author\":{\"name\":\"Mathieu\",\"@id\":\"https:\\\/\\\/tri-bulations.com\\\/#\\\/schema\\\/person\\\/1a5bd5506fa9e7b2b3eb92126841fc1f\"},\"headline\":\"[Antiquit\u00e9] CR &#8211; Lac des Sapins 2015\",\"datePublished\":\"2015-11-18T12:53:51+00:00\",\"dateModified\":\"2015-11-23T12:08:26+00:00\",\"mainEntityOfPage\":{\"@id\":\"https:\\\/\\\/tri-bulations.com\\\/index.php\\\/2015\\\/11\\\/18\\\/antiquite-cr-lac-des-sapins-2015\\\/\"},\"wordCount\":1064,\"commentCount\":0,\"image\":{\"@id\":\"https:\\\/\\\/tri-bulations.com\\\/index.php\\\/2015\\\/11\\\/18\\\/antiquite-cr-lac-des-sapins-2015\\\/#primaryimage\"},\"thumbnailUrl\":\"https:\\\/\\\/tri-bulations.com\\\/wp-content\\\/uploads\\\/2015\\\/11\\\/1547955_10102188239522266_3573429874850274834_o.jpg\",\"keywords\":[\"Antiquit\u00e9\",\"CR\",\"France\",\"Lac des Sapins\",\"Triathlon\"],\"articleSection\":[\"CR\"],\"inLanguage\":\"fr-FR\",\"potentialAction\":[{\"@type\":\"CommentAction\",\"name\":\"Comment\",\"target\":[\"https:\\\/\\\/tri-bulations.com\\\/index.php\\\/2015\\\/11\\\/18\\\/antiquite-cr-lac-des-sapins-2015\\\/#respond\"]}]},{\"@type\":\"WebPage\",\"@id\":\"https:\\\/\\\/tri-bulations.com\\\/index.php\\\/2015\\\/11\\\/18\\\/antiquite-cr-lac-des-sapins-2015\\\/\",\"url\":\"https:\\\/\\\/tri-bulations.com\\\/index.php\\\/2015\\\/11\\\/18\\\/antiquite-cr-lac-des-sapins-2015\\\/\",\"name\":\"[Antiquit\u00e9] CR - Lac des Sapins 2015 - TRIbulations\",\"isPartOf\":{\"@id\":\"https:\\\/\\\/tri-bulations.com\\\/#website\"},\"primaryImageOfPage\":{\"@id\":\"https:\\\/\\\/tri-bulations.com\\\/index.php\\\/2015\\\/11\\\/18\\\/antiquite-cr-lac-des-sapins-2015\\\/#primaryimage\"},\"image\":{\"@id\":\"https:\\\/\\\/tri-bulations.com\\\/index.php\\\/2015\\\/11\\\/18\\\/antiquite-cr-lac-des-sapins-2015\\\/#primaryimage\"},\"thumbnailUrl\":\"https:\\\/\\\/tri-bulations.com\\\/wp-content\\\/uploads\\\/2015\\\/11\\\/1547955_10102188239522266_3573429874850274834_o.jpg\",\"datePublished\":\"2015-11-18T12:53:51+00:00\",\"dateModified\":\"2015-11-23T12:08:26+00:00\",\"author\":{\"@id\":\"https:\\\/\\\/tri-bulations.com\\\/#\\\/schema\\\/person\\\/1a5bd5506fa9e7b2b3eb92126841fc1f\"},\"breadcrumb\":{\"@id\":\"https:\\\/\\\/tri-bulations.com\\\/index.php\\\/2015\\\/11\\\/18\\\/antiquite-cr-lac-des-sapins-2015\\\/#breadcrumb\"},\"inLanguage\":\"fr-FR\",\"potentialAction\":[{\"@type\":\"ReadAction\",\"target\":[\"https:\\\/\\\/tri-bulations.com\\\/index.php\\\/2015\\\/11\\\/18\\\/antiquite-cr-lac-des-sapins-2015\\\/\"]}]},{\"@type\":\"ImageObject\",\"inLanguage\":\"fr-FR\",\"@id\":\"https:\\\/\\\/tri-bulations.com\\\/index.php\\\/2015\\\/11\\\/18\\\/antiquite-cr-lac-des-sapins-2015\\\/#primaryimage\",\"url\":\"https:\\\/\\\/tri-bulations.com\\\/wp-content\\\/uploads\\\/2015\\\/11\\\/1547955_10102188239522266_3573429874850274834_o.jpg\",\"contentUrl\":\"https:\\\/\\\/tri-bulations.com\\\/wp-content\\\/uploads\\\/2015\\\/11\\\/1547955_10102188239522266_3573429874850274834_o.jpg\",\"width\":2048,\"height\":982},{\"@type\":\"BreadcrumbList\",\"@id\":\"https:\\\/\\\/tri-bulations.com\\\/index.php\\\/2015\\\/11\\\/18\\\/antiquite-cr-lac-des-sapins-2015\\\/#breadcrumb\",\"itemListElement\":[{\"@type\":\"ListItem\",\"position\":1,\"name\":\"Home\",\"item\":\"https:\\\/\\\/tri-bulations.com\\\/\"},{\"@type\":\"ListItem\",\"position\":2,\"name\":\"[Antiquit\u00e9] CR &#8211; Lac des Sapins 2015\"}]},{\"@type\":\"WebSite\",\"@id\":\"https:\\\/\\\/tri-bulations.com\\\/#website\",\"url\":\"https:\\\/\\\/tri-bulations.com\\\/\",\"name\":\"TRIbulations\",\"description\":\"Carnets d&#039;un triathl\u00e8te amateur\",\"potentialAction\":[{\"@type\":\"SearchAction\",\"target\":{\"@type\":\"EntryPoint\",\"urlTemplate\":\"https:\\\/\\\/tri-bulations.com\\\/?s={search_term_string}\"},\"query-input\":{\"@type\":\"PropertyValueSpecification\",\"valueRequired\":true,\"valueName\":\"search_term_string\"}}],\"inLanguage\":\"fr-FR\"},{\"@type\":\"Person\",\"@id\":\"https:\\\/\\\/tri-bulations.com\\\/#\\\/schema\\\/person\\\/1a5bd5506fa9e7b2b3eb92126841fc1f\",\"name\":\"Mathieu\",\"image\":{\"@type\":\"ImageObject\",\"inLanguage\":\"fr-FR\",\"@id\":\"https:\\\/\\\/secure.gravatar.com\\\/avatar\\\/ddad4067b0b8ee0b6185cc1c7dacfc401fd08ed218622d8ab82a3ecdfe3e3aab?s=96&d=mm&r=g\",\"url\":\"https:\\\/\\\/secure.gravatar.com\\\/avatar\\\/ddad4067b0b8ee0b6185cc1c7dacfc401fd08ed218622d8ab82a3ecdfe3e3aab?s=96&d=mm&r=g\",\"contentUrl\":\"https:\\\/\\\/secure.gravatar.com\\\/avatar\\\/ddad4067b0b8ee0b6185cc1c7dacfc401fd08ed218622d8ab82a3ecdfe3e3aab?s=96&d=mm&r=g\",\"caption\":\"Mathieu\"},\"url\":\"https:\\\/\\\/tri-bulations.com\\\/index.php\\\/author\\\/mdvlrs\\\/\"}]}<\/script>\n<!-- \/ Yoast SEO plugin. -->","yoast_head_json":{"title":"[Antiquit\u00e9] CR - Lac des Sapins 2015 - TRIbulations","robots":{"index":"index","follow":"follow","max-snippet":"max-snippet:-1","max-image-preview":"max-image-preview:large","max-video-preview":"max-video-preview:-1"},"canonical":"https:\/\/tri-bulations.com\/index.php\/2015\/11\/18\/antiquite-cr-lac-des-sapins-2015\/","og_locale":"fr_FR","og_type":"article","og_title":"[Antiquit\u00e9] CR - Lac des Sapins 2015 - TRIbulations","og_description":"Les \u00ab Antiquit\u00e9s \u00bb sont des articles que j\u2019ai \u00e9crits avant de d\u00e9buter ce blog. Il se peut donc que le ton soit un peu diff\u00e9rent que celui du reste du blog! Pour cet \u00e9pisode, on revient en Juin 2015 pour le Triathlon M du Lac des Sapins. Pas vraiment d&rsquo;objectif pour ce tri \u00e0 part faire une sorte de grosse s\u00e9ance d&rsquo;entra\u00eenement. Je viens de rentrer en France apr\u00e8s plusieurs ann\u00e9es \u00e0 l&rsquo;\u00e9tranger, c&rsquo;est simplement le deuxi\u00e8me tri de ma vie (le CR du premier se trouve ici), je ne me suis pas beaucoup entra\u00een\u00e9 jusqu&rsquo;au mois de mai \u00e0 cause du d\u00e9m\u00e9nagement&#8230; mon v\u00e9ritable objectif pour cette ann\u00e9e, c&rsquo;est le Half de Vichy que je fais avec un pote fin ao\u00fbt. Dans cette optique, je me suis inscrit \u00e0 deux tris de pr\u00e9paration, le M du Lac des Sapins et celui de l&rsquo;Alpe d&rsquo;Huez. Place donc au Lac des Sapins.","og_url":"https:\/\/tri-bulations.com\/index.php\/2015\/11\/18\/antiquite-cr-lac-des-sapins-2015\/","og_site_name":"TRIbulations","article_published_time":"2015-11-18T12:53:51+00:00","article_modified_time":"2015-11-23T12:08:26+00:00","og_image":[{"width":2048,"height":982,"url":"https:\/\/tri-bulations.com\/wp-content\/uploads\/2015\/11\/1547955_10102188239522266_3573429874850274834_o.jpg","type":"image\/jpeg"}],"author":"Mathieu","twitter_card":"summary_large_image","twitter_misc":{"\u00c9crit par":"Mathieu","Dur\u00e9e de lecture estim\u00e9e":"5 minutes"},"schema":{"@context":"https:\/\/schema.org","@graph":[{"@type":"Article","@id":"https:\/\/tri-bulations.com\/index.php\/2015\/11\/18\/antiquite-cr-lac-des-sapins-2015\/#article","isPartOf":{"@id":"https:\/\/tri-bulations.com\/index.php\/2015\/11\/18\/antiquite-cr-lac-des-sapins-2015\/"},"author":{"name":"Mathieu","@id":"https:\/\/tri-bulations.com\/#\/schema\/person\/1a5bd5506fa9e7b2b3eb92126841fc1f"},"headline":"[Antiquit\u00e9] CR &#8211; Lac des Sapins 2015","datePublished":"2015-11-18T12:53:51+00:00","dateModified":"2015-11-23T12:08:26+00:00","mainEntityOfPage":{"@id":"https:\/\/tri-bulations.com\/index.php\/2015\/11\/18\/antiquite-cr-lac-des-sapins-2015\/"},"wordCount":1064,"commentCount":0,"image":{"@id":"https:\/\/tri-bulations.com\/index.php\/2015\/11\/18\/antiquite-cr-lac-des-sapins-2015\/#primaryimage"},"thumbnailUrl":"https:\/\/tri-bulations.com\/wp-content\/uploads\/2015\/11\/1547955_10102188239522266_3573429874850274834_o.jpg","keywords":["Antiquit\u00e9","CR","France","Lac des Sapins","Triathlon"],"articleSection":["CR"],"inLanguage":"fr-FR","potentialAction":[{"@type":"CommentAction","name":"Comment","target":["https:\/\/tri-bulations.com\/index.php\/2015\/11\/18\/antiquite-cr-lac-des-sapins-2015\/#respond"]}]},{"@type":"WebPage","@id":"https:\/\/tri-bulations.com\/index.php\/2015\/11\/18\/antiquite-cr-lac-des-sapins-2015\/","url":"https:\/\/tri-bulations.com\/index.php\/2015\/11\/18\/antiquite-cr-lac-des-sapins-2015\/","name":"[Antiquit\u00e9] CR - Lac des Sapins 2015 - TRIbulations","isPartOf":{"@id":"https:\/\/tri-bulations.com\/#website"},"primaryImageOfPage":{"@id":"https:\/\/tri-bulations.com\/index.php\/2015\/11\/18\/antiquite-cr-lac-des-sapins-2015\/#primaryimage"},"image":{"@id":"https:\/\/tri-bulations.com\/index.php\/2015\/11\/18\/antiquite-cr-lac-des-sapins-2015\/#primaryimage"},"thumbnailUrl":"https:\/\/tri-bulations.com\/wp-content\/uploads\/2015\/11\/1547955_10102188239522266_3573429874850274834_o.jpg","datePublished":"2015-11-18T12:53:51+00:00","dateModified":"2015-11-23T12:08:26+00:00","author":{"@id":"https:\/\/tri-bulations.com\/#\/schema\/person\/1a5bd5506fa9e7b2b3eb92126841fc1f"},"breadcrumb":{"@id":"https:\/\/tri-bulations.com\/index.php\/2015\/11\/18\/antiquite-cr-lac-des-sapins-2015\/#breadcrumb"},"inLanguage":"fr-FR","potentialAction":[{"@type":"ReadAction","target":["https:\/\/tri-bulations.com\/index.php\/2015\/11\/18\/antiquite-cr-lac-des-sapins-2015\/"]}]},{"@type":"ImageObject","inLanguage":"fr-FR","@id":"https:\/\/tri-bulations.com\/index.php\/2015\/11\/18\/antiquite-cr-lac-des-sapins-2015\/#primaryimage","url":"https:\/\/tri-bulations.com\/wp-content\/uploads\/2015\/11\/1547955_10102188239522266_3573429874850274834_o.jpg","contentUrl":"https:\/\/tri-bulations.com\/wp-content\/uploads\/2015\/11\/1547955_10102188239522266_3573429874850274834_o.jpg","width":2048,"height":982},{"@type":"BreadcrumbList","@id":"https:\/\/tri-bulations.com\/index.php\/2015\/11\/18\/antiquite-cr-lac-des-sapins-2015\/#breadcrumb","itemListElement":[{"@type":"ListItem","position":1,"name":"Home","item":"https:\/\/tri-bulations.com\/"},{"@type":"ListItem","position":2,"name":"[Antiquit\u00e9] CR &#8211; Lac des Sapins 2015"}]},{"@type":"WebSite","@id":"https:\/\/tri-bulations.com\/#website","url":"https:\/\/tri-bulations.com\/","name":"TRIbulations","description":"Carnets d&#039;un triathl\u00e8te amateur","potentialAction":[{"@type":"SearchAction","target":{"@type":"EntryPoint","urlTemplate":"https:\/\/tri-bulations.com\/?s={search_term_string}"},"query-input":{"@type":"PropertyValueSpecification","valueRequired":true,"valueName":"search_term_string"}}],"inLanguage":"fr-FR"},{"@type":"Person","@id":"https:\/\/tri-bulations.com\/#\/schema\/person\/1a5bd5506fa9e7b2b3eb92126841fc1f","name":"Mathieu","image":{"@type":"ImageObject","inLanguage":"fr-FR","@id":"https:\/\/secure.gravatar.com\/avatar\/ddad4067b0b8ee0b6185cc1c7dacfc401fd08ed218622d8ab82a3ecdfe3e3aab?s=96&d=mm&r=g","url":"https:\/\/secure.gravatar.com\/avatar\/ddad4067b0b8ee0b6185cc1c7dacfc401fd08ed218622d8ab82a3ecdfe3e3aab?s=96&d=mm&r=g","contentUrl":"https:\/\/secure.gravatar.com\/avatar\/ddad4067b0b8ee0b6185cc1c7dacfc401fd08ed218622d8ab82a3ecdfe3e3aab?s=96&d=mm&r=g","caption":"Mathieu"},"url":"https:\/\/tri-bulations.com\/index.php\/author\/mdvlrs\/"}]}},"_links":{"self":[{"href":"https:\/\/tri-bulations.com\/index.php\/wp-json\/wp\/v2\/posts\/50","targetHints":{"allow":["GET"]}}],"collection":[{"href":"https:\/\/tri-bulations.com\/index.php\/wp-json\/wp\/v2\/posts"}],"about":[{"href":"https:\/\/tri-bulations.com\/index.php\/wp-json\/wp\/v2\/types\/post"}],"author":[{"embeddable":true,"href":"https:\/\/tri-bulations.com\/index.php\/wp-json\/wp\/v2\/users\/1"}],"replies":[{"embeddable":true,"href":"https:\/\/tri-bulations.com\/index.php\/wp-json\/wp\/v2\/comments?post=50"}],"version-history":[{"count":5,"href":"https:\/\/tri-bulations.com\/index.php\/wp-json\/wp\/v2\/posts\/50\/revisions"}],"predecessor-version":[{"id":162,"href":"https:\/\/tri-bulations.com\/index.php\/wp-json\/wp\/v2\/posts\/50\/revisions\/162"}],"wp:featuredmedia":[{"embeddable":true,"href":"https:\/\/tri-bulations.com\/index.php\/wp-json\/wp\/v2\/media\/140"}],"wp:attachment":[{"href":"https:\/\/tri-bulations.com\/index.php\/wp-json\/wp\/v2\/media?parent=50"}],"wp:term":[{"taxonomy":"category","embeddable":true,"href":"https:\/\/tri-bulations.com\/index.php\/wp-json\/wp\/v2\/categories?post=50"},{"taxonomy":"post_tag","embeddable":true,"href":"https:\/\/tri-bulations.com\/index.php\/wp-json\/wp\/v2\/tags?post=50"}],"curies":[{"name":"wp","href":"https:\/\/api.w.org\/{rel}","templated":true}]}}