{"id":277,"date":"2016-06-07T12:52:20","date_gmt":"2016-06-07T11:52:20","guid":{"rendered":"http:\/\/tri-bulations.com\/?p=277"},"modified":"2016-07-26T14:32:03","modified_gmt":"2016-07-26T13:32:03","slug":"cr-triathlon-s-de-bourg-en-bresse-2","status":"publish","type":"post","link":"https:\/\/tri-bulations.com\/index.php\/2016\/06\/07\/cr-triathlon-s-de-bourg-en-bresse-2\/","title":{"rendered":"CR &#8211; Triathlon S de Bourg-en-Bresse 2016"},"content":{"rendered":"<p style=\"text-align: justify;\"><em>Le week-end dernier (enfin\u2026 il y a dix jours d\u00e9sormais, j\u2019ai un peu tra\u00een\u00e9 pendant l\u2019\u00e9criture de ce CR) avait lieu le premier triathlon de ma saison\u00a0: le triathlon sprint de Bourg-en-Bresse. L\u2019occasion de d\u00e9couvrir un nouveau format plus court que ceux sur lesquels j\u2019ai d\u00e9j\u00e0 \u00e9volu\u00e9 par le pass\u00e9, tout en restant \u00e0 proximit\u00e9 de Lyon.<\/em><!--more--><\/p>\n<p style=\"text-align: justify;\"><strong><u>Avant-course<\/u><\/strong><\/p>\n<p style=\"text-align: justify;\">La semaine pr\u00e9c\u00e9dant la course ayant \u00e9t\u00e9 plus qu\u2019humide et les pr\u00e9visions m\u00e9t\u00e9o ayant \u00e9t\u00e9 pessimistes tout au long de la semaine (certains sites \u00e9voquant m\u00eame un risque d\u2019orage), c\u2019est sans grand espoir que je me l\u00e8ve le dimanche matin. Le ciel me donne raison, il est gris et il pleut. Apr\u00e8s un petit d\u00e9jeuner l\u00e9ger, je charge mon v\u00e9lo et une caisse contenant mes affaires dans la voiture. A 6h30, nous (Madame me fait le plaisir de m\u2019accompagner) sommes en route. Un gros orage s\u2019abat sur nous alors que nous quittons Lyon\u00a0: les choses ne s\u2019annoncent pas tr\u00e8s bien\u2026<\/p>\n<p style=\"text-align: justify;\">Arriv\u00e9s au Parc de Loisirs de Bouvent, la pluie s\u2019est heureusement arr\u00eat\u00e9e et la zone, bien qu\u2019humide, est loin d\u2019\u00eatre d\u00e9tremp\u00e9e. Toutes les voitures \u00e9tant gar\u00e9es dans un champ\u2026 heureusement\u00a0! Vient alors le traditionnel retrait du dossard avec deux cadeaux plut\u00f4t originaux et sympas, une bouteille de bi\u00e8re locale et une serviette\u00a0: pas mal. C\u2019est mon premier triathlon en tant que membre d\u2019un club et contrairement \u00e0 l\u2019ann\u00e9e derni\u00e8re o\u00f9 l\u2019avant-course se passait plut\u00f4t en solitaire, je croise pas mal de t\u00eates plus ou moins connues et au moins aper\u00e7ues lors des divers entra\u00eenements.<\/p>\n<p style=\"text-align: justify;\"><a href=\"http:\/\/tri-bulations.com\/wp-content\/uploads\/2016\/06\/IMG_1791.jpg\"><img loading=\"lazy\" decoding=\"async\" class=\"size-large wp-image-282 aligncenter\" src=\"http:\/\/tri-bulations.com\/wp-content\/uploads\/2016\/06\/IMG_1791-1024x768.jpg\" alt=\"IMG_1791\" width=\"700\" height=\"525\" srcset=\"https:\/\/tri-bulations.com\/wp-content\/uploads\/2016\/06\/IMG_1791-1024x768.jpg 1024w, https:\/\/tri-bulations.com\/wp-content\/uploads\/2016\/06\/IMG_1791-300x225.jpg 300w\" sizes=\"auto, (max-width: 700px) 100vw, 700px\" \/><\/a><\/p>\n<p style=\"text-align: justify;\">Je me pr\u00e9pare sans probl\u00e8me et d\u00e9pose mon v\u00e9lo dans la zone de transition au moment ou une fine pluie recommence \u00e0 s\u2019abattre\u2026 l\u2019enfilage de combinaison, d\u2019habitude plut\u00f4t d\u00e9sagr\u00e9able lorsqu\u2019il fait chaud se r\u00e9v\u00e8le donc \u00eatre plut\u00f4t un bon moment cette fois. Un petit au revoir \u00e0 mon accompagnatrice plus tard, je rentre dans l\u2019eau afin de m\u2019habituer \u00e0 la temp\u00e9rature et de commencer \u00e0 m\u2019\u00e9chauffer. L\u2019eau est \u00e0 18\u00b0 ce qui est plut\u00f4t confortable, m\u00eame si les premi\u00e8res secondes sont toujours un peu d\u00e9sagr\u00e9ables. Comme les autres concurrents, je sors de l\u2019eau afin d\u2019essayer d\u2019\u00e9couter le briefing (sans succ\u00e8s\u00a0!). Les f\u00e9minines s\u2019\u00e9lancent quelques minutes avant nous, je passe les quelques minutes pr\u00e9c\u00e9dant le d\u00e9part \u00e0 discuter avec quelques camarades du club puis c\u2019est parti\u00a0!<\/p>\n<p style=\"text-align: justify;\"><strong><u>Natation<\/u><\/strong><\/p>\n<p style=\"text-align: justify;\">Depuis mon inscription au club, je suis r\u00e9guli\u00e8rement all\u00e9 \u00e0 la piscine et j\u2019ai l\u2019impression d\u2019avoir progress\u00e9. L\u00e0 o\u00f9 l\u2019ann\u00e9e derni\u00e8re, mes temps sur 1500m tournaient autour de 33\u2019, je vise donc pour ce sprint un temps en-dessous des 15 minutes. Le d\u00e9part est chaotique mais pas violent et je suis bloqu\u00e9 pendant de longues minutes au milieu de nageurs qui me semblent plus lents que moi. Je regrette de ne pas m\u2019\u00eatre plac\u00e9 plus \u00e0 l\u2019avant. J\u2019atteins la premi\u00e8re bou\u00e9e sans encombre, vire \u00e0 droite et continue mon effort. Il y a d\u00e9sormais plus de place et je commence \u00e0 nager plus efficacement. J\u2019ai cependant fait l\u2019erreur de ne pas aller rep\u00e9rer la deuxi\u00e8me partie de la natation qui n\u2019\u00e9tait pas visible depuis le d\u00e9part et je perds un peu de temps \u00e0 m\u2019orienter. Apr\u00e8s avoir vir\u00e9 autour de la seconde bou\u00e9e, je pense comme plusieurs autres concurrents qu\u2019il n\u2019y a d\u00e9sormais plus qu\u2019\u00e0 tirer tout droit vers la ligne d\u2019arriv\u00e9e mais un kayak me r\u00e9oriente\u00a0: il reste une bou\u00e9e \u00e0 franchir. Il faudra \u00e0 l\u2019avenir tirer les le\u00e7ons de mon erreur, un rep\u00e9rage du parcours aurait pu me faire gagner du temps facilement. Je sors finalement de l\u2019eau en 15\u201921\u2019\u2019 (178\/437).<\/p>\n<p style=\"text-align: justify;\"><a href=\"http:\/\/tri-bulations.com\/wp-content\/uploads\/2016\/06\/IMG_1797.jpg\"><img loading=\"lazy\" decoding=\"async\" class=\"size-large wp-image-288 aligncenter\" src=\"http:\/\/tri-bulations.com\/wp-content\/uploads\/2016\/06\/IMG_1797-768x1024.jpg\" alt=\"IMG_1797\" width=\"700\" height=\"933\" srcset=\"https:\/\/tri-bulations.com\/wp-content\/uploads\/2016\/06\/IMG_1797-768x1024.jpg 768w, https:\/\/tri-bulations.com\/wp-content\/uploads\/2016\/06\/IMG_1797-225x300.jpg 225w\" sizes=\"auto, (max-width: 700px) 100vw, 700px\" \/><\/a><\/p>\n<p style=\"text-align: justify;\"><strong><u>T1<\/u><\/strong><\/p>\n<p style=\"text-align: justify;\">Les transitions ne sont pas ma sp\u00e9cialit\u00e9 et celle-ci ne fait pas exception \u00e0 la r\u00e8gle. J\u2019ai d\u00e9cid\u00e9 de me passer pour la premi\u00e8re fois de chaussettes en v\u00e9lo et en course \u00e0 pied ce qui me fait gagner quelques secondes. Dans la pr\u00e9cipitation, j\u2019oublie d\u2019enlever mes lunettes de natation qui pendront donc \u00e0 mon cou pendant tout le parcours v\u00e9lo. Je ressors apr\u00e8s 2\u201920\u2019\u2019 (183\/237).<\/p>\n<p style=\"text-align: justify;\"><a href=\"http:\/\/tri-bulations.com\/wp-content\/uploads\/2016\/06\/IMG_1803.jpg\"><img loading=\"lazy\" decoding=\"async\" class=\"size-large wp-image-291 aligncenter\" src=\"http:\/\/tri-bulations.com\/wp-content\/uploads\/2016\/06\/IMG_1803-1024x768.jpg\" alt=\"IMG_1803\" width=\"700\" height=\"525\" srcset=\"https:\/\/tri-bulations.com\/wp-content\/uploads\/2016\/06\/IMG_1803-1024x768.jpg 1024w, https:\/\/tri-bulations.com\/wp-content\/uploads\/2016\/06\/IMG_1803-300x225.jpg 300w\" sizes=\"auto, (max-width: 700px) 100vw, 700px\" \/><\/a><\/p>\n<p style=\"text-align: justify;\"><strong><u>V\u00e9lo<\/u><\/strong><\/p>\n<p style=\"text-align: justify;\">Par faute d\u2019une g\u00eane \u00e0 un genou r\u00e9currente depuis l\u2019ann\u00e9e derni\u00e8re, je manque cruellement de kilom\u00e8tres \u00e0 v\u00e9lo. Afin de r\u00e9gler ce probl\u00e8me, j\u2019ai subi des s\u00e9ances de kin\u00e9, re-r\u00e9gl\u00e9 ma selle, mes cales, chang\u00e9 de chaussures\u2026 et cela semble avoir aid\u00e9, tout r\u00e9cemment. J\u2019ai r\u00e9ussi dans les deux semaines pr\u00e9c\u00e9dentes \u00e0 enchainer quelques sorties sans douleur\u2026 la fin d\u2019une \u00e9preuve\u00a0? Quoiqu\u2019il en soit, le format sprint me permet de mettre toutes mes forces dans la bataille sans trop r\u00e9fl\u00e9chir, c\u2019est l\u2019avantage. Quelques concurrents me passent, je double \u00e9galement quelques hommes ainsi que beaucoup de f\u00e9minines qui se sont \u00e9lanc\u00e9es dix minutes plus t\u00f4t. La pluie s\u2019est arr\u00eat\u00e9e mais la route est humide, je suis donc prudent dans les virages. Le manque d\u2019entrainement implique non seulement un d\u00e9ficit physique mais \u00e9galement un petit manque de confiance concernant les trajectoires \u00e0 emprunter. <a href=\"http:\/\/tri-bulations.com\/wp-content\/uploads\/2016\/06\/IMG_1811.jpg\"><img loading=\"lazy\" decoding=\"async\" class=\"size-large wp-image-293 aligncenter\" src=\"http:\/\/tri-bulations.com\/wp-content\/uploads\/2016\/06\/IMG_1811-1024x768.jpg\" alt=\"IMG_1811\" width=\"700\" height=\"525\" srcset=\"https:\/\/tri-bulations.com\/wp-content\/uploads\/2016\/06\/IMG_1811-1024x768.jpg 1024w, https:\/\/tri-bulations.com\/wp-content\/uploads\/2016\/06\/IMG_1811-300x225.jpg 300w\" sizes=\"auto, (max-width: 700px) 100vw, 700px\" \/><\/a>Je prends un gel \u00e0 mi-parcours, ce qui me permet de d\u00e9couvrir que contrairement \u00e0 ma trifonction habituelle, ma trifonction club ne poss\u00e8de pas de poche \u00e0 l\u2019arri\u00e8re. J\u2019essaie donc tant bien que mal de coincer mon emballage collant entre ma gourde et mon cadre. Encore une petite erreur d\u2019inexp\u00e9rience qui me fait perdre quelques secondes, m\u00eame si en v\u00e9lo je suis tellement loin que ces quelques secondes perdues sont anecdotiques. J\u2019en fini en 42\u201952\u2019\u2019 (202\/437).<\/p>\n<p style=\"text-align: justify;\"><strong><u>T2<\/u><\/strong><\/p>\n<p style=\"text-align: justify;\">La T2 me permet d\u2019enfin enlever mes lunettes de natation ce qui ne me fait pas gagner de temps mais a au moins le m\u00e9rite de me faire gagner en style. Je perds du temps \u00e0 faire mes lacets alors que je m\u2019\u00e9tais jur\u00e9 \u00e0 mon dernier aquathlon de mettre en place des lacets \u00e9lastiques\u2026 ce triathlon sera d\u00e9cidemment plein d\u2019enseignements pour le reste de la saison. T2 effectu\u00e9e en 2\u201908\u2019\u2019 (161\/437).<a href=\"http:\/\/tri-bulations.com\/wp-content\/uploads\/2016\/06\/IMG_1819.jpg\"><img loading=\"lazy\" decoding=\"async\" class=\"size-large wp-image-297 aligncenter\" src=\"http:\/\/tri-bulations.com\/wp-content\/uploads\/2016\/06\/IMG_1819-1024x768.jpg\" alt=\"IMG_1819\" width=\"700\" height=\"525\" srcset=\"https:\/\/tri-bulations.com\/wp-content\/uploads\/2016\/06\/IMG_1819-1024x768.jpg 1024w, https:\/\/tri-bulations.com\/wp-content\/uploads\/2016\/06\/IMG_1819-300x225.jpg 300w\" sizes=\"auto, (max-width: 700px) 100vw, 700px\" \/><\/a><\/p>\n<p style=\"text-align: justify;\"><strong><u>Course \u00e0 pied<\/u><\/strong><\/p>\n<p style=\"text-align: justify;\">Comme d\u2019habitude, la course \u00e0 pied est l\u2019\u00e9preuve sur laquelle je me sens le plus \u00e0 l\u2019aise. J\u2019entame donc une grande remont\u00e9e au milieu des flaques. Le parcours est constitu\u00e9 de deux boucles de 2,5km autour du lac. Les jambes r\u00e9pondent bien d\u00e8s les premiers hectom\u00e8tres.<\/p>\n<p style=\"text-align: justify;\"><a href=\"http:\/\/tri-bulations.com\/wp-content\/uploads\/2016\/06\/IMG_1830.jpg\"><img loading=\"lazy\" decoding=\"async\" class=\"size-large wp-image-303 aligncenter\" src=\"http:\/\/tri-bulations.com\/wp-content\/uploads\/2016\/06\/IMG_1830-1024x768.jpg\" alt=\"IMG_1830\" width=\"700\" height=\"525\" srcset=\"https:\/\/tri-bulations.com\/wp-content\/uploads\/2016\/06\/IMG_1830-1024x768.jpg 1024w, https:\/\/tri-bulations.com\/wp-content\/uploads\/2016\/06\/IMG_1830-300x225.jpg 300w\" sizes=\"auto, (max-width: 700px) 100vw, 700px\" \/><\/a>Quelques supporters du club m\u2019encouragent. Au milieu de mon deuxi\u00e8me tour, la pluie recommence \u00e0 tomber l\u00e9g\u00e8rement. Au final, elle aura \u00e9pargn\u00e9 l\u2019\u00e9preuve. Je garde un rythme quasi-constant du d\u00e9but \u00e0 la fin ce qui me fera penser apr\u00e8s coup que j\u2019aurais peut-\u00eatre pu davantage acc\u00e9l\u00e9rer. Je finis les 5km en 20\u201917\u2019\u2019 (76\/437).<\/p>\n<p style=\"text-align: justify;\"><strong><u>Au final\u2026<\/u><\/strong><\/p>\n<p style=\"text-align: justify;\">Je boucle donc ce sprint en 1h22\u201956\u2019\u2019 \u00e0 la 154<sup>\u00e8me<\/sup> position et 61<sup>\u00e8me<\/sup> senior homme. Cette course ne m\u2019apprend rien de bien nouveau en terme de performance pure (natation juste un peu en-dessous du niveau attendu, v\u00e9lo faible et bonne course \u00e0 pied) mais ce format court est id\u00e9al pour replonger en douceur dans le triathlon sans laisser trop de traces. De nombreuses le\u00e7ons \u00ab\u00a0p\u00e9riph\u00e9riques\u00a0\u00bb sont n\u00e9anmoins \u00e0 tirer et nul doute qu\u2019\u00e0 la prochaine \u00e9preuve, je proc\u00e8derai autant que possible \u00e0 une \u00e9tude et une reco du parcours plus approfondies, j\u2019aurai des lacets \u00e9lastiques sur mes chaussures de course et j\u2019aurai pr\u00e9vu un endroit o\u00f9 stocker mes d\u00e9chets \u00e0 v\u00e9lo. J\u2019esp\u00e8re \u00e9galement avoir d\u2019ici l\u00e0 beaucoup plus de kilom\u00e8tres dans les jambes en v\u00e9lo.<\/p>\n<p style=\"text-align: justify;\">Rdv sur le M du Lac des Sapins le 19 juin, une course sur laquelle j\u2019arriverai avec l\u2019objectif de faire mieux que l\u2019ann\u00e9e derni\u00e8re\u00a0!<\/p>\n","protected":false},"excerpt":{"rendered":"<p>Le week-end dernier (enfin\u2026 il y a dix jours d\u00e9sormais, j\u2019ai un peu tra\u00een\u00e9 pendant l\u2019\u00e9criture de ce CR) avait lieu le premier triathlon de ma saison\u00a0: le triathlon sprint de Bourg-en-Bresse. L\u2019occasion de d\u00e9couvrir un nouveau format plus court que ceux sur lesquels j\u2019ai d\u00e9j\u00e0 \u00e9volu\u00e9 par le pass\u00e9, tout en restant \u00e0 proximit\u00e9 de Lyon.<\/p>\n","protected":false},"author":1,"featured_media":291,"comment_status":"open","ping_status":"open","sticky":false,"template":"","format":"standard","meta":{"footnotes":""},"categories":[7],"tags":[32,8,13,31,11],"class_list":["post-277","post","type-post","status-publish","format-standard","has-post-thumbnail","hentry","category-cr","tag-bourg-en-bresse","tag-cr","tag-france","tag-sprint","tag-triathlon"],"yoast_head":"<!-- This site is optimized with the Yoast SEO plugin v27.4 - https:\/\/yoast.com\/product\/yoast-seo-wordpress\/ -->\n<title>CR - Triathlon S de Bourg-en-Bresse 2016 - TRIbulations<\/title>\n<meta name=\"robots\" content=\"index, follow, max-snippet:-1, max-image-preview:large, max-video-preview:-1\" \/>\n<link rel=\"canonical\" href=\"https:\/\/tri-bulations.com\/index.php\/2016\/06\/07\/cr-triathlon-s-de-bourg-en-bresse-2\/\" \/>\n<meta property=\"og:locale\" content=\"fr_FR\" \/>\n<meta property=\"og:type\" content=\"article\" \/>\n<meta property=\"og:title\" content=\"CR - Triathlon S de Bourg-en-Bresse 2016 - TRIbulations\" \/>\n<meta property=\"og:description\" content=\"Le week-end dernier (enfin\u2026 il y a dix jours d\u00e9sormais, j\u2019ai un peu tra\u00een\u00e9 pendant l\u2019\u00e9criture de ce CR) avait lieu le premier triathlon de ma saison\u00a0: le triathlon sprint de Bourg-en-Bresse. L\u2019occasion de d\u00e9couvrir un nouveau format plus court que ceux sur lesquels j\u2019ai d\u00e9j\u00e0 \u00e9volu\u00e9 par le pass\u00e9, tout en restant \u00e0 proximit\u00e9 de Lyon.\" \/>\n<meta property=\"og:url\" content=\"https:\/\/tri-bulations.com\/index.php\/2016\/06\/07\/cr-triathlon-s-de-bourg-en-bresse-2\/\" \/>\n<meta property=\"og:site_name\" content=\"TRIbulations\" \/>\n<meta property=\"article:published_time\" content=\"2016-06-07T11:52:20+00:00\" \/>\n<meta property=\"article:modified_time\" content=\"2016-07-26T13:32:03+00:00\" \/>\n<meta property=\"og:image\" content=\"https:\/\/tri-bulations.com\/wp-content\/uploads\/2016\/06\/IMG_1803-1024x768.jpg\" \/>\n\t<meta property=\"og:image:width\" content=\"1024\" \/>\n\t<meta property=\"og:image:height\" content=\"768\" \/>\n\t<meta property=\"og:image:type\" content=\"image\/jpeg\" \/>\n<meta name=\"author\" content=\"Mathieu\" \/>\n<meta name=\"twitter:card\" content=\"summary_large_image\" \/>\n<meta name=\"twitter:label1\" content=\"\u00c9crit par\" \/>\n\t<meta name=\"twitter:data1\" content=\"Mathieu\" \/>\n\t<meta name=\"twitter:label2\" content=\"Dur\u00e9e de lecture estim\u00e9e\" \/>\n\t<meta name=\"twitter:data2\" content=\"7 minutes\" \/>\n<script type=\"application\/ld+json\" class=\"yoast-schema-graph\">{\"@context\":\"https:\\\/\\\/schema.org\",\"@graph\":[{\"@type\":\"Article\",\"@id\":\"https:\\\/\\\/tri-bulations.com\\\/index.php\\\/2016\\\/06\\\/07\\\/cr-triathlon-s-de-bourg-en-bresse-2\\\/#article\",\"isPartOf\":{\"@id\":\"https:\\\/\\\/tri-bulations.com\\\/index.php\\\/2016\\\/06\\\/07\\\/cr-triathlon-s-de-bourg-en-bresse-2\\\/\"},\"author\":{\"name\":\"Mathieu\",\"@id\":\"https:\\\/\\\/tri-bulations.com\\\/#\\\/schema\\\/person\\\/1a5bd5506fa9e7b2b3eb92126841fc1f\"},\"headline\":\"CR &#8211; Triathlon S de Bourg-en-Bresse 2016\",\"datePublished\":\"2016-06-07T11:52:20+00:00\",\"dateModified\":\"2016-07-26T13:32:03+00:00\",\"mainEntityOfPage\":{\"@id\":\"https:\\\/\\\/tri-bulations.com\\\/index.php\\\/2016\\\/06\\\/07\\\/cr-triathlon-s-de-bourg-en-bresse-2\\\/\"},\"wordCount\":1365,\"commentCount\":0,\"image\":{\"@id\":\"https:\\\/\\\/tri-bulations.com\\\/index.php\\\/2016\\\/06\\\/07\\\/cr-triathlon-s-de-bourg-en-bresse-2\\\/#primaryimage\"},\"thumbnailUrl\":\"https:\\\/\\\/tri-bulations.com\\\/wp-content\\\/uploads\\\/2016\\\/06\\\/IMG_1803.jpg\",\"keywords\":[\"Bourg-en-Bresse\",\"CR\",\"France\",\"Sprint\",\"Triathlon\"],\"articleSection\":[\"CR\"],\"inLanguage\":\"fr-FR\",\"potentialAction\":[{\"@type\":\"CommentAction\",\"name\":\"Comment\",\"target\":[\"https:\\\/\\\/tri-bulations.com\\\/index.php\\\/2016\\\/06\\\/07\\\/cr-triathlon-s-de-bourg-en-bresse-2\\\/#respond\"]}]},{\"@type\":\"WebPage\",\"@id\":\"https:\\\/\\\/tri-bulations.com\\\/index.php\\\/2016\\\/06\\\/07\\\/cr-triathlon-s-de-bourg-en-bresse-2\\\/\",\"url\":\"https:\\\/\\\/tri-bulations.com\\\/index.php\\\/2016\\\/06\\\/07\\\/cr-triathlon-s-de-bourg-en-bresse-2\\\/\",\"name\":\"CR - Triathlon S de Bourg-en-Bresse 2016 - TRIbulations\",\"isPartOf\":{\"@id\":\"https:\\\/\\\/tri-bulations.com\\\/#website\"},\"primaryImageOfPage\":{\"@id\":\"https:\\\/\\\/tri-bulations.com\\\/index.php\\\/2016\\\/06\\\/07\\\/cr-triathlon-s-de-bourg-en-bresse-2\\\/#primaryimage\"},\"image\":{\"@id\":\"https:\\\/\\\/tri-bulations.com\\\/index.php\\\/2016\\\/06\\\/07\\\/cr-triathlon-s-de-bourg-en-bresse-2\\\/#primaryimage\"},\"thumbnailUrl\":\"https:\\\/\\\/tri-bulations.com\\\/wp-content\\\/uploads\\\/2016\\\/06\\\/IMG_1803.jpg\",\"datePublished\":\"2016-06-07T11:52:20+00:00\",\"dateModified\":\"2016-07-26T13:32:03+00:00\",\"author\":{\"@id\":\"https:\\\/\\\/tri-bulations.com\\\/#\\\/schema\\\/person\\\/1a5bd5506fa9e7b2b3eb92126841fc1f\"},\"breadcrumb\":{\"@id\":\"https:\\\/\\\/tri-bulations.com\\\/index.php\\\/2016\\\/06\\\/07\\\/cr-triathlon-s-de-bourg-en-bresse-2\\\/#breadcrumb\"},\"inLanguage\":\"fr-FR\",\"potentialAction\":[{\"@type\":\"ReadAction\",\"target\":[\"https:\\\/\\\/tri-bulations.com\\\/index.php\\\/2016\\\/06\\\/07\\\/cr-triathlon-s-de-bourg-en-bresse-2\\\/\"]}]},{\"@type\":\"ImageObject\",\"inLanguage\":\"fr-FR\",\"@id\":\"https:\\\/\\\/tri-bulations.com\\\/index.php\\\/2016\\\/06\\\/07\\\/cr-triathlon-s-de-bourg-en-bresse-2\\\/#primaryimage\",\"url\":\"https:\\\/\\\/tri-bulations.com\\\/wp-content\\\/uploads\\\/2016\\\/06\\\/IMG_1803.jpg\",\"contentUrl\":\"https:\\\/\\\/tri-bulations.com\\\/wp-content\\\/uploads\\\/2016\\\/06\\\/IMG_1803.jpg\",\"width\":3264,\"height\":2448},{\"@type\":\"BreadcrumbList\",\"@id\":\"https:\\\/\\\/tri-bulations.com\\\/index.php\\\/2016\\\/06\\\/07\\\/cr-triathlon-s-de-bourg-en-bresse-2\\\/#breadcrumb\",\"itemListElement\":[{\"@type\":\"ListItem\",\"position\":1,\"name\":\"Home\",\"item\":\"https:\\\/\\\/tri-bulations.com\\\/\"},{\"@type\":\"ListItem\",\"position\":2,\"name\":\"CR &#8211; Triathlon S de Bourg-en-Bresse 2016\"}]},{\"@type\":\"WebSite\",\"@id\":\"https:\\\/\\\/tri-bulations.com\\\/#website\",\"url\":\"https:\\\/\\\/tri-bulations.com\\\/\",\"name\":\"TRIbulations\",\"description\":\"Carnets d&#039;un triathl\u00e8te amateur\",\"potentialAction\":[{\"@type\":\"SearchAction\",\"target\":{\"@type\":\"EntryPoint\",\"urlTemplate\":\"https:\\\/\\\/tri-bulations.com\\\/?s={search_term_string}\"},\"query-input\":{\"@type\":\"PropertyValueSpecification\",\"valueRequired\":true,\"valueName\":\"search_term_string\"}}],\"inLanguage\":\"fr-FR\"},{\"@type\":\"Person\",\"@id\":\"https:\\\/\\\/tri-bulations.com\\\/#\\\/schema\\\/person\\\/1a5bd5506fa9e7b2b3eb92126841fc1f\",\"name\":\"Mathieu\",\"image\":{\"@type\":\"ImageObject\",\"inLanguage\":\"fr-FR\",\"@id\":\"https:\\\/\\\/secure.gravatar.com\\\/avatar\\\/ddad4067b0b8ee0b6185cc1c7dacfc401fd08ed218622d8ab82a3ecdfe3e3aab?s=96&d=mm&r=g\",\"url\":\"https:\\\/\\\/secure.gravatar.com\\\/avatar\\\/ddad4067b0b8ee0b6185cc1c7dacfc401fd08ed218622d8ab82a3ecdfe3e3aab?s=96&d=mm&r=g\",\"contentUrl\":\"https:\\\/\\\/secure.gravatar.com\\\/avatar\\\/ddad4067b0b8ee0b6185cc1c7dacfc401fd08ed218622d8ab82a3ecdfe3e3aab?s=96&d=mm&r=g\",\"caption\":\"Mathieu\"},\"url\":\"https:\\\/\\\/tri-bulations.com\\\/index.php\\\/author\\\/mdvlrs\\\/\"}]}<\/script>\n<!-- \/ Yoast SEO plugin. -->","yoast_head_json":{"title":"CR - Triathlon S de Bourg-en-Bresse 2016 - TRIbulations","robots":{"index":"index","follow":"follow","max-snippet":"max-snippet:-1","max-image-preview":"max-image-preview:large","max-video-preview":"max-video-preview:-1"},"canonical":"https:\/\/tri-bulations.com\/index.php\/2016\/06\/07\/cr-triathlon-s-de-bourg-en-bresse-2\/","og_locale":"fr_FR","og_type":"article","og_title":"CR - Triathlon S de Bourg-en-Bresse 2016 - TRIbulations","og_description":"Le week-end dernier (enfin\u2026 il y a dix jours d\u00e9sormais, j\u2019ai un peu tra\u00een\u00e9 pendant l\u2019\u00e9criture de ce CR) avait lieu le premier triathlon de ma saison\u00a0: le triathlon sprint de Bourg-en-Bresse. L\u2019occasion de d\u00e9couvrir un nouveau format plus court que ceux sur lesquels j\u2019ai d\u00e9j\u00e0 \u00e9volu\u00e9 par le pass\u00e9, tout en restant \u00e0 proximit\u00e9 de Lyon.","og_url":"https:\/\/tri-bulations.com\/index.php\/2016\/06\/07\/cr-triathlon-s-de-bourg-en-bresse-2\/","og_site_name":"TRIbulations","article_published_time":"2016-06-07T11:52:20+00:00","article_modified_time":"2016-07-26T13:32:03+00:00","og_image":[{"width":1024,"height":768,"url":"https:\/\/tri-bulations.com\/wp-content\/uploads\/2016\/06\/IMG_1803-1024x768.jpg","type":"image\/jpeg"}],"author":"Mathieu","twitter_card":"summary_large_image","twitter_misc":{"\u00c9crit par":"Mathieu","Dur\u00e9e de lecture estim\u00e9e":"7 minutes"},"schema":{"@context":"https:\/\/schema.org","@graph":[{"@type":"Article","@id":"https:\/\/tri-bulations.com\/index.php\/2016\/06\/07\/cr-triathlon-s-de-bourg-en-bresse-2\/#article","isPartOf":{"@id":"https:\/\/tri-bulations.com\/index.php\/2016\/06\/07\/cr-triathlon-s-de-bourg-en-bresse-2\/"},"author":{"name":"Mathieu","@id":"https:\/\/tri-bulations.com\/#\/schema\/person\/1a5bd5506fa9e7b2b3eb92126841fc1f"},"headline":"CR &#8211; Triathlon S de Bourg-en-Bresse 2016","datePublished":"2016-06-07T11:52:20+00:00","dateModified":"2016-07-26T13:32:03+00:00","mainEntityOfPage":{"@id":"https:\/\/tri-bulations.com\/index.php\/2016\/06\/07\/cr-triathlon-s-de-bourg-en-bresse-2\/"},"wordCount":1365,"commentCount":0,"image":{"@id":"https:\/\/tri-bulations.com\/index.php\/2016\/06\/07\/cr-triathlon-s-de-bourg-en-bresse-2\/#primaryimage"},"thumbnailUrl":"https:\/\/tri-bulations.com\/wp-content\/uploads\/2016\/06\/IMG_1803.jpg","keywords":["Bourg-en-Bresse","CR","France","Sprint","Triathlon"],"articleSection":["CR"],"inLanguage":"fr-FR","potentialAction":[{"@type":"CommentAction","name":"Comment","target":["https:\/\/tri-bulations.com\/index.php\/2016\/06\/07\/cr-triathlon-s-de-bourg-en-bresse-2\/#respond"]}]},{"@type":"WebPage","@id":"https:\/\/tri-bulations.com\/index.php\/2016\/06\/07\/cr-triathlon-s-de-bourg-en-bresse-2\/","url":"https:\/\/tri-bulations.com\/index.php\/2016\/06\/07\/cr-triathlon-s-de-bourg-en-bresse-2\/","name":"CR - Triathlon S de Bourg-en-Bresse 2016 - TRIbulations","isPartOf":{"@id":"https:\/\/tri-bulations.com\/#website"},"primaryImageOfPage":{"@id":"https:\/\/tri-bulations.com\/index.php\/2016\/06\/07\/cr-triathlon-s-de-bourg-en-bresse-2\/#primaryimage"},"image":{"@id":"https:\/\/tri-bulations.com\/index.php\/2016\/06\/07\/cr-triathlon-s-de-bourg-en-bresse-2\/#primaryimage"},"thumbnailUrl":"https:\/\/tri-bulations.com\/wp-content\/uploads\/2016\/06\/IMG_1803.jpg","datePublished":"2016-06-07T11:52:20+00:00","dateModified":"2016-07-26T13:32:03+00:00","author":{"@id":"https:\/\/tri-bulations.com\/#\/schema\/person\/1a5bd5506fa9e7b2b3eb92126841fc1f"},"breadcrumb":{"@id":"https:\/\/tri-bulations.com\/index.php\/2016\/06\/07\/cr-triathlon-s-de-bourg-en-bresse-2\/#breadcrumb"},"inLanguage":"fr-FR","potentialAction":[{"@type":"ReadAction","target":["https:\/\/tri-bulations.com\/index.php\/2016\/06\/07\/cr-triathlon-s-de-bourg-en-bresse-2\/"]}]},{"@type":"ImageObject","inLanguage":"fr-FR","@id":"https:\/\/tri-bulations.com\/index.php\/2016\/06\/07\/cr-triathlon-s-de-bourg-en-bresse-2\/#primaryimage","url":"https:\/\/tri-bulations.com\/wp-content\/uploads\/2016\/06\/IMG_1803.jpg","contentUrl":"https:\/\/tri-bulations.com\/wp-content\/uploads\/2016\/06\/IMG_1803.jpg","width":3264,"height":2448},{"@type":"BreadcrumbList","@id":"https:\/\/tri-bulations.com\/index.php\/2016\/06\/07\/cr-triathlon-s-de-bourg-en-bresse-2\/#breadcrumb","itemListElement":[{"@type":"ListItem","position":1,"name":"Home","item":"https:\/\/tri-bulations.com\/"},{"@type":"ListItem","position":2,"name":"CR &#8211; Triathlon S de Bourg-en-Bresse 2016"}]},{"@type":"WebSite","@id":"https:\/\/tri-bulations.com\/#website","url":"https:\/\/tri-bulations.com\/","name":"TRIbulations","description":"Carnets d&#039;un triathl\u00e8te amateur","potentialAction":[{"@type":"SearchAction","target":{"@type":"EntryPoint","urlTemplate":"https:\/\/tri-bulations.com\/?s={search_term_string}"},"query-input":{"@type":"PropertyValueSpecification","valueRequired":true,"valueName":"search_term_string"}}],"inLanguage":"fr-FR"},{"@type":"Person","@id":"https:\/\/tri-bulations.com\/#\/schema\/person\/1a5bd5506fa9e7b2b3eb92126841fc1f","name":"Mathieu","image":{"@type":"ImageObject","inLanguage":"fr-FR","@id":"https:\/\/secure.gravatar.com\/avatar\/ddad4067b0b8ee0b6185cc1c7dacfc401fd08ed218622d8ab82a3ecdfe3e3aab?s=96&d=mm&r=g","url":"https:\/\/secure.gravatar.com\/avatar\/ddad4067b0b8ee0b6185cc1c7dacfc401fd08ed218622d8ab82a3ecdfe3e3aab?s=96&d=mm&r=g","contentUrl":"https:\/\/secure.gravatar.com\/avatar\/ddad4067b0b8ee0b6185cc1c7dacfc401fd08ed218622d8ab82a3ecdfe3e3aab?s=96&d=mm&r=g","caption":"Mathieu"},"url":"https:\/\/tri-bulations.com\/index.php\/author\/mdvlrs\/"}]}},"_links":{"self":[{"href":"https:\/\/tri-bulations.com\/index.php\/wp-json\/wp\/v2\/posts\/277","targetHints":{"allow":["GET"]}}],"collection":[{"href":"https:\/\/tri-bulations.com\/index.php\/wp-json\/wp\/v2\/posts"}],"about":[{"href":"https:\/\/tri-bulations.com\/index.php\/wp-json\/wp\/v2\/types\/post"}],"author":[{"embeddable":true,"href":"https:\/\/tri-bulations.com\/index.php\/wp-json\/wp\/v2\/users\/1"}],"replies":[{"embeddable":true,"href":"https:\/\/tri-bulations.com\/index.php\/wp-json\/wp\/v2\/comments?post=277"}],"version-history":[{"count":6,"href":"https:\/\/tri-bulations.com\/index.php\/wp-json\/wp\/v2\/posts\/277\/revisions"}],"predecessor-version":[{"id":416,"href":"https:\/\/tri-bulations.com\/index.php\/wp-json\/wp\/v2\/posts\/277\/revisions\/416"}],"wp:featuredmedia":[{"embeddable":true,"href":"https:\/\/tri-bulations.com\/index.php\/wp-json\/wp\/v2\/media\/291"}],"wp:attachment":[{"href":"https:\/\/tri-bulations.com\/index.php\/wp-json\/wp\/v2\/media?parent=277"}],"wp:term":[{"taxonomy":"category","embeddable":true,"href":"https:\/\/tri-bulations.com\/index.php\/wp-json\/wp\/v2\/categories?post=277"},{"taxonomy":"post_tag","embeddable":true,"href":"https:\/\/tri-bulations.com\/index.php\/wp-json\/wp\/v2\/tags?post=277"}],"curies":[{"name":"wp","href":"https:\/\/api.w.org\/{rel}","templated":true}]}}